{"id":21564,"date":"2026-01-30T16:05:56","date_gmt":"2026-01-30T16:05:56","guid":{"rendered":"https:\/\/letrasenlafrontera.org\/?p=21564"},"modified":"2026-01-30T16:05:57","modified_gmt":"2026-01-30T16:05:57","slug":"dos-cuadros-y-un-poema-de-ceci-valenzuela","status":"publish","type":"post","link":"https:\/\/letrasenlafrontera.org\/index.php\/2026\/01\/30\/dos-cuadros-y-un-poema-de-ceci-valenzuela\/","title":{"rendered":"Dos cuadros y un poema de Ceci Valenzuela"},"content":{"rendered":"\n<p>:::&nbsp;<em>Caracter\u00edstico de Ceci Valenzuela, chilena radicada en los Estados Unidos desde hace mucho tiempo, es su inter\u00e9s y preocupaci\u00f3n por las mujeres ind\u00edgenas de todo el mundo y en particular de Arizona, su tierra de adopci\u00f3n. Comunica su compromiso con ellas tanto gr\u00e1ficamente con composiciones visuales como con poemas, pinturas y textos igualmente expresivos.<\/em><\/p>\n\n\n\n<figure class=\"wp-block-image size-large is-resized\"><img loading=\"lazy\" decoding=\"async\" width=\"700\" height=\"875\" src=\"https:\/\/letrasenlafrontera.org\/wp-content\/uploads\/2026\/01\/But-The-Women-Came-Copy-700x875.jpg\" alt=\"\" class=\"wp-image-21565\" style=\"width:400px\" srcset=\"https:\/\/letrasenlafrontera.org\/wp-content\/uploads\/2026\/01\/But-The-Women-Came-Copy-700x875.jpg 700w, https:\/\/letrasenlafrontera.org\/wp-content\/uploads\/2026\/01\/But-The-Women-Came-Copy-240x300.jpg 240w, https:\/\/letrasenlafrontera.org\/wp-content\/uploads\/2026\/01\/But-The-Women-Came-Copy-768x960.jpg 768w, https:\/\/letrasenlafrontera.org\/wp-content\/uploads\/2026\/01\/But-The-Women-Came-Copy.jpg 960w\" sizes=\"auto, (max-width: 700px) 100vw, 700px\" \/><\/figure>\n\n\n\n<p class=\"has-text-align-left\">                                              But the Women Came<\/p>\n\n\n\n<div style=\"height:50px\" aria-hidden=\"true\" class=\"wp-block-spacer\"><\/div>\n\n\n\n<figure class=\"wp-block-image size-large is-resized\"><img loading=\"lazy\" decoding=\"async\" width=\"700\" height=\"888\" src=\"https:\/\/letrasenlafrontera.org\/wp-content\/uploads\/2026\/01\/The-Children-Will-Remember-700x888.jpg\" alt=\"\" class=\"wp-image-21566\" style=\"width:400px\" srcset=\"https:\/\/letrasenlafrontera.org\/wp-content\/uploads\/2026\/01\/The-Children-Will-Remember-700x888.jpg 700w, https:\/\/letrasenlafrontera.org\/wp-content\/uploads\/2026\/01\/The-Children-Will-Remember-237x300.jpg 237w, https:\/\/letrasenlafrontera.org\/wp-content\/uploads\/2026\/01\/The-Children-Will-Remember-768x974.jpg 768w, https:\/\/letrasenlafrontera.org\/wp-content\/uploads\/2026\/01\/The-Children-Will-Remember.jpg 946w\" sizes=\"auto, (max-width: 700px) 100vw, 700px\" \/><\/figure>\n\n\n\n<p class=\"has-text-align-left\">                                   The Children Will Remember<\/p>\n\n\n\n<div style=\"height:50px\" aria-hidden=\"true\" class=\"wp-block-spacer\"><\/div>\n\n\n\n<p>BUT THE WOMEN CAME<\/p>\n\n\n\n<p>They came<br>With the evening light<br>They walked<br>With their children<br>They advanced<br>Because it was time.<br>A silent thunder<br>Of jewels being restored,<br>A sure step<br>On garments of journeys<br>Immemorial.<br>They met the wind<br>And the sand with<br>The thorns of the desert<br>And the shine of the<br>Diminutive specks of metals<br>Embedded<br>Like tiny lightning.<br>Their children recorded it<br>In their deeper eyes<br>To be never forgotten.<\/p>\n\n\n\n<p class=\"has-text-align-center\">\u2248<\/p>\n\n\n\n<p>PERO LAS MUJERES VINIERON<\/p>\n\n\n\n<p>Vinieron<br>A la luz de la tarde<br>Caminaron<br>Con sus hijos<br>Avanzaron<br>Porque ya era tiempo<br>Un silencioso trueno<br>De ser ignoradas<br>De joyas restauradas<br>Un paso seguro<br>En prendas de caminantes<br>Inmemoriales.<br>Se encontraron con el viento<br>Y la arena<br>Con las espinas del desierto<br>Y los brillos de los pedacitos de metales<br>Incrustados<br>Como diminutos rel\u00e1mpagos.<br>Sus hijos lo grabaron<br>En sus m\u00e1s profundos ojos<br>Y jam\u00e1s lo olvidaron.<\/p>\n\n\n\n<p><\/p>\n\n\n\n<p>Tucson, AZ January 11, 2026<\/p>\n","protected":false},"excerpt":{"rendered":"<p>:::&nbsp;Caracter\u00edstico de Ceci Valenzuela, chilena radicada en los Estados Unidos desde hace mucho tiempo, es su inter\u00e9s y preocupaci\u00f3n por las mujeres ind\u00edgenas&hellip;<\/p>\n","protected":false},"author":3,"featured_media":21584,"comment_status":"open","ping_status":"closed","sticky":false,"template":"","format":"standard","meta":{"_jetpack_memberships_contains_paid_content":false,"footnotes":""},"categories":[321,153,209,215],"tags":[335,331,221,167],"coauthors":[312],"class_list":["post-21564","post","type-post","status-publish","format-standard","has-post-thumbnail","hentry","category-artes-plasticas","category-poema","category-revista","category-traduccion","tag-arte","tag-cultura","tag-literatura","tag-poesia"],"jetpack_featured_media_url":"https:\/\/letrasenlafrontera.org\/wp-content\/uploads\/2026\/01\/But-The-Women-Came-recorte-2.jpg","jetpack_sharing_enabled":true,"_links":{"self":[{"href":"https:\/\/letrasenlafrontera.org\/index.php\/wp-json\/wp\/v2\/posts\/21564","targetHints":{"allow":["GET"]}}],"collection":[{"href":"https:\/\/letrasenlafrontera.org\/index.php\/wp-json\/wp\/v2\/posts"}],"about":[{"href":"https:\/\/letrasenlafrontera.org\/index.php\/wp-json\/wp\/v2\/types\/post"}],"author":[{"embeddable":true,"href":"https:\/\/letrasenlafrontera.org\/index.php\/wp-json\/wp\/v2\/users\/3"}],"replies":[{"embeddable":true,"href":"https:\/\/letrasenlafrontera.org\/index.php\/wp-json\/wp\/v2\/comments?post=21564"}],"version-history":[{"count":13,"href":"https:\/\/letrasenlafrontera.org\/index.php\/wp-json\/wp\/v2\/posts\/21564\/revisions"}],"predecessor-version":[{"id":21588,"href":"https:\/\/letrasenlafrontera.org\/index.php\/wp-json\/wp\/v2\/posts\/21564\/revisions\/21588"}],"wp:featuredmedia":[{"embeddable":true,"href":"https:\/\/letrasenlafrontera.org\/index.php\/wp-json\/wp\/v2\/media\/21584"}],"wp:attachment":[{"href":"https:\/\/letrasenlafrontera.org\/index.php\/wp-json\/wp\/v2\/media?parent=21564"}],"wp:term":[{"taxonomy":"category","embeddable":true,"href":"https:\/\/letrasenlafrontera.org\/index.php\/wp-json\/wp\/v2\/categories?post=21564"},{"taxonomy":"post_tag","embeddable":true,"href":"https:\/\/letrasenlafrontera.org\/index.php\/wp-json\/wp\/v2\/tags?post=21564"},{"taxonomy":"author","embeddable":true,"href":"https:\/\/letrasenlafrontera.org\/index.php\/wp-json\/wp\/v2\/coauthors?post=21564"}],"curies":[{"name":"wp","href":"https:\/\/api.w.org\/{rel}","templated":true}]}}