{"id":18573,"date":"2019-10-17T01:01:50","date_gmt":"2019-10-17T01:01:50","guid":{"rendered":"https:\/\/letrasenlafrontera.org\/?p=18573"},"modified":"2019-10-23T21:34:19","modified_gmt":"2019-10-23T21:34:19","slug":"tumor-caballar","status":"publish","type":"post","link":"https:\/\/letrasenlafrontera.org\/index.php\/2019\/10\/17\/tumor-caballar\/","title":{"rendered":"Tumor caballar"},"content":{"rendered":"<h1 style=\"text-align: center;\"><span class=\"s1\"><b>Cuatro poemas de Daniel Medina<\/b> <\/span><\/h1>\n<h2 style=\"text-align: center;\"><span class=\"s1\">(M\u00e9rida, Yucat\u00e1n. 1996)<\/span><\/h2>\n<hr \/>\n<p style=\"text-align: right;\"><em>\u00bfLa \u00faltima vez que llor\u00f3?<\/em><br \/>\n<em>Cuando entend\u00ed\u00a0que\u00a0no pod\u00eda compartir lenguaje<\/em><br \/>\n<em>con otro animal\u00a0que\u00a0no fuese humano<\/em><br \/>\n[Igor Barreto en entrevista para El Pa\u00eds]<\/p>\n<h2>Po\u00e9tica<\/h2>\n<p>Ha comenzado a galopar en mi cabeza.<\/p>\n<p>Con sus cuatro patas<br \/>\nde c\u00f3ncava imaginer\u00eda<br \/>\nha comenzado a galopar.<\/p>\n<p>Golpea y se mueve en c\u00edrculos.<br \/>\nBusca. Circularmente busca<br \/>\ny galopa: retrocede.<\/p>\n<p>Parece haber encontrado algo<br \/>\ny otra vez en c\u00edrculos avanza.<\/p>\n<p>En el camino que recorre,<br \/>\nfatal y circularmente parecido,<br \/>\nalgunas piedras, algunos trazos.<\/p>\n<p>Cuatro patas que parecen forjar<br \/>\nl\u00edneas demasiado extensas.<\/p>\n<p>Un animal que avanza como el miedo.<\/p>\n<p>Que con sus cuatro patas<br \/>\nse repite y tiembla:<br \/>\nhasta el cansancio busca<br \/>\naunque no hay nada.<\/p>\n<p>S\u00f3lo l\u00edneas y piedras<br \/>\nde un paisaje repetido.<\/p>\n<p>Y miro su paso circular<br \/>\ncomo quien espera ansioso<br \/>\nlas se\u00f1ales.<\/p>\n<h2>Caballos metast\u00e1sicos<\/h2>\n<p>Un tumor caballar primario es un tumor que se inicia en el cerebro. Un tumor caballar secundario es un tumor cuadr\u00edpedo que se disemina. La diseminaci\u00f3n de los caballos desde su comienzo hacia otra parte se denomina met\u00e1stasis. La met\u00e1stasis en el cerebro puede originarse en cualquier punto. Los tipos de caballo con m\u00e1s probabilidad de diseminaci\u00f3n hacia el cerebro son el de mama, pulm\u00f3n, \u00f3rganos glandulares y melanoma.<br \/>\nLos tipos de s\u00edntomas que pueden ocurrir a ra\u00edz del galope cerebral son los siguientes:<br \/>\nF\u00edsicos: dolor en la cabeza, convulsiones, n\u00e1useas, debilidad muscular, problemas en la vista, y problemas en los intestinos y la vejiga.<br \/>\nCognitivos: cuando el relincho afecta la manera en la que el cerebro procesa la informaci\u00f3n, los s\u00edntomas pueden comprender cambios en la personalidad, confusi\u00f3n, deterioro del criterio, p\u00e9rdida de la memoria y conductas socialmente inapropiadas.<br \/>\nEmocionales: sobrellevar caballos metast\u00e1sicos en el cerebro puede ser muy estresante y provocar depresi\u00f3n, ansiedad y otros cambios.<br \/>\nA medida que la persona se acerca al final de su vida es dif\u00edcil saber qu\u00e9 esperar. Brindar atenci\u00f3n en los \u00faltimos d\u00edas puede ayudar a que el proceso sea m\u00e1s tranquilo para el enfermo. Cuando sienta que es apropiado, solicite la intervenci\u00f3n de un m\u00e9dico.<br \/>\nManeje cuestiones pr\u00e1cticas despu\u00e9s de la muerte.<\/p>\n<h2>Clase de est\u00e9tica<\/h2>\n<p>No todos los caballos son animales,<br \/>\npero todos los animales son caballos.<\/p>\n<h2>Par\u00e1frasis<\/h2>\n<p>Es dif\u00edcil vivir<br \/>\nsin los caballos<br \/>\ndespu\u00e9s de haberlos<br \/>\nconocido<\/p>\n<p>porque es dif\u00edcil,<br \/>\ndespu\u00e9s de haber<br \/>\nconocido a los caballos,<br \/>\ntomarse la tierra<br \/>\ntan en serio.<\/p>\n<hr \/>\n<p><strong><img loading=\"lazy\" decoding=\"async\" class=\"alignright wp-image-18575 size-full\" src=\"https:\/\/letrasenlafrontera.org\/wp-content\/uploads\/2019\/10\/title110802492.png\" alt=\"\" width=\"300\" height=\"300\" srcset=\"https:\/\/letrasenlafrontera.org\/wp-content\/uploads\/2019\/10\/title110802492.png 300w, https:\/\/letrasenlafrontera.org\/wp-content\/uploads\/2019\/10\/title110802492-150x150.png 150w\" sizes=\"auto, (max-width: 300px) 100vw, 300px\" \/>Daniel Medina<\/strong> (M\u00e9rida, Yucat\u00e1n; 1996) es autor de los libros de poemas Una extra\u00f1a m\u00fasica (Sombrario Ediciones, 2018), M\u00e9dium (Sangre Ediciones, 2018) y El dolor es un ensayo de la muerte (edici\u00f3n digital libre, 2019). Ha publicado cr\u00edtica, traducci\u00f3n y poes\u00eda en medios como Peri\u00f3dico de poes\u00eda, Blanco M\u00f3vil y Tierra Adentro. Obtuvo el Premio INBA-CEDART de Poes\u00eda 100 A\u00f1os de letras mexicanas 2014, Premio Nacional de Poes\u00eda Joven Jorge Lara 2014, Premio Peninsular de Poes\u00eda Jos\u00e9 D\u00edaz Bolio 2017, Premio Nacional Universitario de Poes\u00eda Jos\u00e9 Emilio Pacheco 2019 y Premio Nacional de Poes\u00eda Mar\u00eda Luisa Moreno 2019. Becario del PECDA J\u00f3venes Creadores en el \u00e1rea de Poes\u00eda (2017-2018) y de verano de la Fundaci\u00f3n para las Letras Mexicanas (Xalapa, 2018). Director de Ediciones O. Forma parte del Centro de Experimentaci\u00f3n Literaria.<\/p>\n","protected":false},"excerpt":{"rendered":"<p>Cuatro poemas de Daniel Medina (M\u00e9rida, Yucat\u00e1n. 1996) \u00bfLa \u00faltima vez que llor\u00f3? Cuando entend\u00ed\u00a0que\u00a0no pod\u00eda compartir lenguaje con otro animal\u00a0que\u00a0no fuese humano&hellip;<\/p>\n","protected":false},"author":3,"featured_media":18574,"comment_status":"open","ping_status":"closed","sticky":false,"template":"","format":"standard","meta":{"_jetpack_memberships_contains_paid_content":false,"footnotes":""},"categories":[272,209],"tags":[189,167],"coauthors":[],"class_list":["post-18573","post","type-post","status-publish","format-standard","has-post-thumbnail","hentry","category-poesia","category-revista","tag-poema","tag-poesia"],"jetpack_featured_media_url":"https:\/\/letrasenlafrontera.org\/wp-content\/uploads\/2019\/10\/horse-herd-fog-nature-52500.jpg","jetpack_sharing_enabled":true,"_links":{"self":[{"href":"https:\/\/letrasenlafrontera.org\/index.php\/wp-json\/wp\/v2\/posts\/18573","targetHints":{"allow":["GET"]}}],"collection":[{"href":"https:\/\/letrasenlafrontera.org\/index.php\/wp-json\/wp\/v2\/posts"}],"about":[{"href":"https:\/\/letrasenlafrontera.org\/index.php\/wp-json\/wp\/v2\/types\/post"}],"author":[{"embeddable":true,"href":"https:\/\/letrasenlafrontera.org\/index.php\/wp-json\/wp\/v2\/users\/3"}],"replies":[{"embeddable":true,"href":"https:\/\/letrasenlafrontera.org\/index.php\/wp-json\/wp\/v2\/comments?post=18573"}],"version-history":[{"count":1,"href":"https:\/\/letrasenlafrontera.org\/index.php\/wp-json\/wp\/v2\/posts\/18573\/revisions"}],"predecessor-version":[{"id":18576,"href":"https:\/\/letrasenlafrontera.org\/index.php\/wp-json\/wp\/v2\/posts\/18573\/revisions\/18576"}],"wp:featuredmedia":[{"embeddable":true,"href":"https:\/\/letrasenlafrontera.org\/index.php\/wp-json\/wp\/v2\/media\/18574"}],"wp:attachment":[{"href":"https:\/\/letrasenlafrontera.org\/index.php\/wp-json\/wp\/v2\/media?parent=18573"}],"wp:term":[{"taxonomy":"category","embeddable":true,"href":"https:\/\/letrasenlafrontera.org\/index.php\/wp-json\/wp\/v2\/categories?post=18573"},{"taxonomy":"post_tag","embeddable":true,"href":"https:\/\/letrasenlafrontera.org\/index.php\/wp-json\/wp\/v2\/tags?post=18573"},{"taxonomy":"author","embeddable":true,"href":"https:\/\/letrasenlafrontera.org\/index.php\/wp-json\/wp\/v2\/coauthors?post=18573"}],"curies":[{"name":"wp","href":"https:\/\/api.w.org\/{rel}","templated":true}]}}