{"id":18327,"date":"2019-02-28T00:47:04","date_gmt":"2019-02-28T00:47:04","guid":{"rendered":"https:\/\/letrasenlafrontera.org\/?p=18327"},"modified":"2019-10-17T01:03:36","modified_gmt":"2019-10-17T01:03:36","slug":"convocatoria-texas-hispanidad-en-la-literatura","status":"publish","type":"post","link":"https:\/\/letrasenlafrontera.org\/index.php\/2019\/02\/28\/convocatoria-texas-hispanidad-en-la-literatura\/","title":{"rendered":"Convocatoria: Texas, hispanidad en la literatura"},"content":{"rendered":"<h3 class=\"p1\" style=\"text-align: center;\"><span class=\"s1\"><b>Convocatoria para miembros y participantes de Letras en la Frontera<\/b><\/span><\/h3>\n<h4 class=\"p1\" style=\"text-align: center;\"><span class=\"s1\"><b>Texas, hispanidad en la literatura<\/b><\/span><\/h4>\n<hr \/>\n<p class=\"p3\"><span class=\"s1\">[dropcap]L[\/dropcap]etras en la Frontera y la UNAM San Antonio convocan a los escritores miembros y participantes de la agrupaci\u00f3n Letras en la Frontera radicados en Texas a participar con un trabajo literario en la categor\u00eda de ensayo, cuento o poes\u00eda con el tema de ser hispanohablante en Texas. <\/span><\/p>\n<p class=\"p3\"><span class=\"s1\">Se realizar\u00e1 una selecci\u00f3n de los mejores trabajos para un cuadernillo que se publicar\u00e1 bajo el auspicio de la Universidad Nacional Aut\u00f3noma de M\u00e9xico, en conmemoraci\u00f3n del 75 aniversario de la UNAM San Antonio.<\/span><\/p>\n<p class=\"p1\"><span class=\"s1\"><b>Bases<\/b><\/span><\/p>\n<ol class=\"ol1\">\n<li class=\"li3\"><span class=\"s1\"><b>De los participantes:<\/b><\/span><\/li>\n<\/ol>\n<p class=\"p3\"><span class=\"s1\">Podr\u00e1n participar escritores miembros de Letras en la Frontera o que hayan participado en uno o m\u00e1s encuentros organizados por la agrupaci\u00f3n, de cualquier nacionalidad y que radiquen en el estado de Texas.<\/span><\/p>\n<ol class=\"ol1\">\n<li class=\"li3\"><span class=\"s1\"><b>Del escrito:<\/b><\/span><\/li>\n<\/ol>\n<p class=\"p3\"><span class=\"s1\">Podr\u00e1n enviarse hasta dos textos para consideraci\u00f3n y selecci\u00f3n de una misma o dos categor\u00edas diferentes, (ensayo, cuento, poes\u00eda) escritos en castellano, a doble espacio con un m\u00e1ximo de 2 cuartillas en letra Times New Roman 12.<\/span><\/p>\n<ol class=\"ol1\">\n<li class=\"li3\"><span class=\"s1\"><b>Env\u00edo del texto<\/b><\/span><\/li>\n<\/ol>\n<p class=\"p3\"><span class=\"s1\">La fecha l\u00edmite para el env\u00edo del texto ser\u00e1 el 15 de abril del 2019. Los trabajos deber\u00e1n remitirse al siguiente correo electr\u00f3nico: <a href=\"mailto:convocatorias@letrasenlafrontera.org\"><span class=\"s3\">convocatorias@letrasenlafrontera.org<\/span><\/a><\/span><\/p>\n<ol class=\"ol1\">\n<li class=\"li3\"><span class=\"s1\"><b>De la selecci\u00f3n de trabajos<\/b><\/span><\/li>\n<\/ol>\n<p class=\"p3\"><span class=\"s1\">El Consejo Editorial de Letras en la Frontera ser\u00e1 responsable de la selecci\u00f3n de los trabajos que se acepten para publicaci\u00f3n en el cuadernillo. Los trabajos no seleccionados se considerar\u00e1n para la publicaci\u00f3n en la p\u00e1gina web de Letras en la Frontera.<\/span><\/p>\n<ol class=\"ol1\">\n<li class=\"li3\"><span class=\"s1\"><b>De los derechos de autor\u00eda<\/b><\/span><\/li>\n<\/ol>\n<p class=\"p3\"><span class=\"s1\">Los autores seleccionados otorgan el permiso de publicaci\u00f3n de sus textos en el cuadernillo conmemorativo de los 75 a\u00f1os de la UNAM San Antonio, del cual recibir\u00e1n una copia.<\/span><\/p>\n<p class=\"p1\" style=\"text-align: center;\"><span class=\"s1\">San Antonio Texas a 25 de febrero del 2019<\/span><\/p>\n<p class=\"p1\" style=\"text-align: center;\"><span class=\"s1\">Las entidades convocantes<\/span><\/p>\n","protected":false},"excerpt":{"rendered":"<p>Convocatoria para miembros y participantes de Letras en la Frontera Texas, hispanidad en la literatura [dropcap]L[\/dropcap]etras en la Frontera y la UNAM San&hellip;<\/p>\n","protected":false},"author":2,"featured_media":18328,"comment_status":"open","ping_status":"closed","sticky":false,"template":"","format":"standard","meta":{"_jetpack_memberships_contains_paid_content":false,"footnotes":""},"categories":[142],"tags":[195],"coauthors":[],"class_list":["post-18327","post","type-post","status-publish","format-standard","has-post-thumbnail","hentry","category-convocatoria","tag-convocatoria"],"jetpack_featured_media_url":"https:\/\/letrasenlafrontera.org\/wp-content\/uploads\/2019\/02\/1_235zJSUhxd56WNZJUrbEMQ.jpg","jetpack_sharing_enabled":true,"_links":{"self":[{"href":"https:\/\/letrasenlafrontera.org\/index.php\/wp-json\/wp\/v2\/posts\/18327","targetHints":{"allow":["GET"]}}],"collection":[{"href":"https:\/\/letrasenlafrontera.org\/index.php\/wp-json\/wp\/v2\/posts"}],"about":[{"href":"https:\/\/letrasenlafrontera.org\/index.php\/wp-json\/wp\/v2\/types\/post"}],"author":[{"embeddable":true,"href":"https:\/\/letrasenlafrontera.org\/index.php\/wp-json\/wp\/v2\/users\/2"}],"replies":[{"embeddable":true,"href":"https:\/\/letrasenlafrontera.org\/index.php\/wp-json\/wp\/v2\/comments?post=18327"}],"version-history":[{"count":2,"href":"https:\/\/letrasenlafrontera.org\/index.php\/wp-json\/wp\/v2\/posts\/18327\/revisions"}],"predecessor-version":[{"id":18330,"href":"https:\/\/letrasenlafrontera.org\/index.php\/wp-json\/wp\/v2\/posts\/18327\/revisions\/18330"}],"wp:featuredmedia":[{"embeddable":true,"href":"https:\/\/letrasenlafrontera.org\/index.php\/wp-json\/wp\/v2\/media\/18328"}],"wp:attachment":[{"href":"https:\/\/letrasenlafrontera.org\/index.php\/wp-json\/wp\/v2\/media?parent=18327"}],"wp:term":[{"taxonomy":"category","embeddable":true,"href":"https:\/\/letrasenlafrontera.org\/index.php\/wp-json\/wp\/v2\/categories?post=18327"},{"taxonomy":"post_tag","embeddable":true,"href":"https:\/\/letrasenlafrontera.org\/index.php\/wp-json\/wp\/v2\/tags?post=18327"},{"taxonomy":"author","embeddable":true,"href":"https:\/\/letrasenlafrontera.org\/index.php\/wp-json\/wp\/v2\/coauthors?post=18327"}],"curies":[{"name":"wp","href":"https:\/\/api.w.org\/{rel}","templated":true}]}}