{"id":17827,"date":"2018-10-01T18:10:02","date_gmt":"2018-10-01T18:10:02","guid":{"rendered":"https:\/\/letrasenlafrontera.org\/?p=17827"},"modified":"2019-01-09T23:53:14","modified_gmt":"2019-01-09T23:53:14","slug":"aguas","status":"publish","type":"post","link":"https:\/\/letrasenlafrontera.org\/index.php\/2018\/10\/01\/aguas\/","title":{"rendered":"Aguas"},"content":{"rendered":"<h2 style=\"text-align: center;\">Cuatro poemas in\u00e9ditos de Santiago Dayd\u00ed-Tolson<\/h2>\n<hr \/>\n<h3><\/h3>\n<h3 style=\"text-align: center;\"><strong>Admirables aguas<\/strong><\/h3>\n<p>&nbsp;<\/p>\n<p>G\u00e1rrula, la fuente<\/p>\n<p>se despeina al viento<\/p>\n<p>y habla de m\u00e1s. Atrae.<\/p>\n<p>(Hay quien dice que canta)<\/p>\n<p>Se la admira, equivocada-<\/p>\n<p>mente. Impertinente<\/p>\n<p>el mar, entretanto, se hace escuchar<\/p>\n<p>a voces<\/p>\n<p>y se le admira el gesto,<\/p>\n<p>la amenaza, el vozarr\u00f3n<\/p>\n<p>y la melena.<\/p>\n<p>&nbsp;<\/p>\n<h3 style=\"text-align: center;\">Ojo ciego<\/h3>\n<p>&nbsp;<\/p>\n<p>Supura el ojo de agua<\/p>\n<p>en el desierto,<\/p>\n<p>como una herida, llaga del fondo:<\/p>\n<p>agua sumergida,<\/p>\n<p>estigia hundida que se alza<\/p>\n<p>y se desborda.<\/p>\n<p>&nbsp;<\/p>\n<h3 style=\"text-align: center;\">Agua estancada<\/h3>\n<p>&nbsp;<\/p>\n<p>Milagro de las aguas quietas<\/p>\n<p>burbuja generativa del aire fermentado<\/p>\n<p>el agua viva, babas de la cuna<\/p>\n<p>hervidero de la esencia<\/p>\n<p>p\u00fatrida el \u00e1gua que germina<\/p>\n<p>balbucea canturrea bisbisea eructa<\/p>\n<p>se revuelve en s\u00ed misma<\/p>\n<p>secretas sus corrientes sumergidas<\/p>\n<p>heces turbias agua del agar<\/p>\n<p>alga transparente, oscura gelatina<\/p>\n<p>devorante el protozoo y devorado<\/p>\n<p>como el dios que resucita a cada hora<\/p>\n<p>infestaci\u00f3n de c\u00e9lulas voraces<\/p>\n<p>c\u00e9lulas vivas que de la muerte nacen<\/p>\n<p>fango del detritus flemas febriles<\/p>\n<p>hedor del milagro miasmas<\/p>\n<p>de la impregnaci\u00f3n aguas inmundas<\/p>\n<p>c\u00e1lido caldo tornasol: posa podrida.<\/p>\n<h3><\/h3>\n<h3 style=\"text-align: center;\">Lago<\/h3>\n<p>&nbsp;<\/p>\n<p>Tiende a la luz, pur\u00edsimo, el espejo<\/p>\n<p>de su luz, el lago.<\/p>\n<p>Agua extendida en el azogue azul<\/p>\n<p>de lo profundo, calma<\/p>\n<p>de la hondura y su penumbra<\/p>\n<p>su oscura fosa, tumba sumergida.<\/p>\n<p>V\u00f3rtice abisal de sus aguas hondas<\/p>\n<p>que remueven ciegas las largas algas<\/p>\n<p>despeinadas (nudo del enredo)<\/p>\n<p>de un telar de corrientes escondidas.<\/p>\n<p>&nbsp;<\/p>\n<hr \/>\n<p><strong><img loading=\"lazy\" decoding=\"async\" class=\"size-full wp-image-17828 alignright\" src=\"https:\/\/letrasenlafrontera.org\/wp-content\/uploads\/2018\/10\/title678862627.png\" alt=\"\" width=\"282\" height=\"282\" srcset=\"https:\/\/letrasenlafrontera.org\/wp-content\/uploads\/2018\/10\/title678862627.png 282w, https:\/\/letrasenlafrontera.org\/wp-content\/uploads\/2018\/10\/title678862627-150x150.png 150w\" sizes=\"auto, (max-width: 282px) 100vw, 282px\" \/><\/strong><\/p>\n<p><strong>Santiago Dayd\u00ed-Tolson<\/strong> (Chile, 1943), ha vivido en los Estados Unidos desde la d\u00e9cada de los sesenta. Recibi\u00f3 en 1973 el Doctorado en Filosof\u00eda y Letras por la Universidad de Kansas y actualmente, despu\u00e9s de ense\u00f1ar en las universidades de Fordham, Virginia y Wisconsin-Milwaukee \u2014de la que es profesor em\u00e9rito\u2014, es catedr\u00e1tico de literaturas hisp\u00e1nicas en la Universidad de Texas en San Antonio. Ha publicado en su campo de especializaci\u00f3n, pero a pesar de haber escrito poes\u00eda desde que tiene memoria ha publicado poco o casi nada de su obra l\u00edrica. La lira de la ira, pr\u00f3ximo a aparecer publicado por Bilingual Press, recoge una selecci\u00f3n de poemas en espa\u00f1ol e ingl\u00e9s de varios vol\u00famenes in\u00e9ditos.<\/p>\n<h2>Twitter:\u00a0<a href=\"https:\/\/twitter.com\/SDTolson\">@SDTolson<\/a><\/h2>\n","protected":false},"excerpt":{"rendered":"<p>Cuatro poemas in\u00e9ditos de Santiago Dayd\u00ed-Tolson Admirables aguas &nbsp; G\u00e1rrula, la fuente se despeina al viento y habla de m\u00e1s. Atrae. (Hay quien&hellip;<\/p>\n","protected":false},"author":3,"featured_media":17829,"comment_status":"open","ping_status":"closed","sticky":false,"template":"","format":"standard","meta":{"_jetpack_memberships_contains_paid_content":false,"footnotes":""},"categories":[272,209],"tags":[],"coauthors":[],"class_list":["post-17827","post","type-post","status-publish","format-standard","has-post-thumbnail","hentry","category-poesia","category-revista"],"jetpack_featured_media_url":"https:\/\/letrasenlafrontera.org\/wp-content\/uploads\/2018\/10\/photography-last-light-in-the-cliffs-digital-nature-landscape-waterscape-lake-river-large-open.jpg","jetpack_sharing_enabled":true,"_links":{"self":[{"href":"https:\/\/letrasenlafrontera.org\/index.php\/wp-json\/wp\/v2\/posts\/17827","targetHints":{"allow":["GET"]}}],"collection":[{"href":"https:\/\/letrasenlafrontera.org\/index.php\/wp-json\/wp\/v2\/posts"}],"about":[{"href":"https:\/\/letrasenlafrontera.org\/index.php\/wp-json\/wp\/v2\/types\/post"}],"author":[{"embeddable":true,"href":"https:\/\/letrasenlafrontera.org\/index.php\/wp-json\/wp\/v2\/users\/3"}],"replies":[{"embeddable":true,"href":"https:\/\/letrasenlafrontera.org\/index.php\/wp-json\/wp\/v2\/comments?post=17827"}],"version-history":[{"count":3,"href":"https:\/\/letrasenlafrontera.org\/index.php\/wp-json\/wp\/v2\/posts\/17827\/revisions"}],"predecessor-version":[{"id":17832,"href":"https:\/\/letrasenlafrontera.org\/index.php\/wp-json\/wp\/v2\/posts\/17827\/revisions\/17832"}],"wp:featuredmedia":[{"embeddable":true,"href":"https:\/\/letrasenlafrontera.org\/index.php\/wp-json\/wp\/v2\/media\/17829"}],"wp:attachment":[{"href":"https:\/\/letrasenlafrontera.org\/index.php\/wp-json\/wp\/v2\/media?parent=17827"}],"wp:term":[{"taxonomy":"category","embeddable":true,"href":"https:\/\/letrasenlafrontera.org\/index.php\/wp-json\/wp\/v2\/categories?post=17827"},{"taxonomy":"post_tag","embeddable":true,"href":"https:\/\/letrasenlafrontera.org\/index.php\/wp-json\/wp\/v2\/tags?post=17827"},{"taxonomy":"author","embeddable":true,"href":"https:\/\/letrasenlafrontera.org\/index.php\/wp-json\/wp\/v2\/coauthors?post=17827"}],"curies":[{"name":"wp","href":"https:\/\/api.w.org\/{rel}","templated":true}]}}