{"id":17765,"date":"2018-08-29T18:26:07","date_gmt":"2018-08-29T18:26:07","guid":{"rendered":"http:\/\/letrasenlafrontera.org\/?p=17765"},"modified":"2018-08-29T18:26:07","modified_gmt":"2018-08-29T18:26:07","slug":"holograma-tu","status":"publish","type":"post","link":"https:\/\/letrasenlafrontera.org\/index.php\/2018\/08\/29\/holograma-tu\/","title":{"rendered":"Holograma t\u00fa"},"content":{"rendered":"<h2 style=\"text-align: center;\">Un poema de\u00a0<strong>Juan Ram\u00f3n Ortiz Galeano.<\/strong><\/h2>\n<h5 style=\"text-align: center;\">(Buenos Aires, 1975)<\/h5>\n<hr \/>\n<h3>I (Alter)<\/h3>\n<p>Me muevo en un plano ajeno al parque y al ruido<br \/>\na quedar suspenso en un rinc\u00f3n de la nada;<br \/>\nall\u00ed me busca un rel\u00e1mpago que golpea<br \/>\njusto ese flanco vespertino donde febril me oculto<br \/>\ndejando otro hematoma violeta en mi costado<br \/>\nque sacude polvo en los surcos de la angustia,<br \/>\npolvo que en amalgama con mi llanto monocorde<br \/>\ncobra la forma de una estatua cadav\u00e9rica<br \/>\nque se erige como un holograma de rostro fat\u00eddico<br \/>\ny mira fijo antes de acercarse en c\u00e1mara lenta<br \/>\na palparme el p\u00f3mulo con mano fantasmal,<br \/>\ndespu\u00e9s hurgar mi abrigo hasta tocarme el vientre<br \/>\ny con pu\u00f1o r\u00edgido empujar mi ombligo<br \/>\nhasta abrirlo e introducir la mano entera,<br \/>\nreplegar en mi adentro sus dedos inclementes<br \/>\ny con ellos estrujarme el est\u00f3mago como una tenaza<br \/>\nmientras inclina su cara espantosa contra mi cuello<br \/>\npara susurrar con voz pavorosa:<\/p>\n<p>\u201cLa angustia<br \/>\nes un monstruo \u00edntimo<br \/>\nque alimentamos<br \/>\ncon lo que devoramos<br \/>\nde nosotros mismos\u201d.<\/p>\n<h3>II (Bella carne)<\/h3>\n<p>Ella ten\u00eda los ojos claros y el cuerpo firme<br \/>\nsu voz era dulce pero sol\u00eda denunciar serena<br \/>\nuna aguda tendencia a la mentira que \u00e9l adivin\u00f3<br \/>\nincluso cuando la hora del amor<br \/>\nemit\u00eda las declaraciones m\u00e1s urgentes.<\/p>\n<p>Ella ten\u00eda la boca roja y el cuerpo recto<br \/>\nsus piernas eran firmes pero su andar sol\u00eda insinuar<br \/>\nuna marcada inclinaci\u00f3n al amor variado que \u00e9l observ\u00f3<br \/>\nincluso cuando la ma\u00f1ana del amor<br \/>\narrojaba los fluidos m\u00e1s espesos.<\/p>\n<p>Ella ten\u00eda pechos sanos y gl\u00fateos llenos<br \/>\nhab\u00eda venido del campo y de all\u00ed no trajo nada<br \/>\ns\u00f3lo belleza<br \/>\npero si tu querida, jaguar herido<br \/>\ns\u00f3lo tiene belleza para dar<br \/>\nentonces es muy poco lo que tiene;<br \/>\npor eso te apartamos el coraz\u00f3n<br \/>\nconfiando en que tu mente difusa<br \/>\nva a comprender todo cabalmente y pronto,<br \/>\nantes de la locura.<\/p>\n<h3>III (Aceite en los ojos)<\/h3>\n<p>La noche y el agua se pliegan como un f\u00e9retro blando y fr\u00edo<br \/>\nsobre una estatua cadav\u00e9rica con aceite en los ojos,<br \/>\ntierra en la angustia y una mano apret\u00e1ndole el vientre.<\/p>\n<h3>IV (Ep\u00edlogo)<\/h3>\n<p>que sigue de pi\u00e9\u2026<\/p>\n<hr \/>\n<h5><strong><a href=\"https:\/\/letrasenlafrontera.org\/wp-content\/uploads\/2018\/08\/title259819389.png\"><img loading=\"lazy\" decoding=\"async\" class=\"alignright size-medium wp-image-17766\" src=\"https:\/\/letrasenlafrontera.org\/wp-content\/uploads\/2018\/08\/title259819389-300x300.png\" alt=\"\" width=\"300\" height=\"300\" srcset=\"https:\/\/letrasenlafrontera.org\/wp-content\/uploads\/2018\/08\/title259819389-300x300.png 300w, https:\/\/letrasenlafrontera.org\/wp-content\/uploads\/2018\/08\/title259819389-150x150.png 150w, https:\/\/letrasenlafrontera.org\/wp-content\/uploads\/2018\/08\/title259819389.png 319w\" sizes=\"auto, (max-width: 300px) 100vw, 300px\" \/><\/a>Juan Ram\u00f3n Ortiz Galeano.<\/strong><\/h5>\n<p>Poeta y escritor argentino nacido en Buenos Aires en 1975. Tiene estudios en Derecho (Universidad Nacional de La Plata). Obtuvo distinciones en diversos concursos literarios y sus textos fueron incluidos en numerosas antolog\u00edas impresas, bit\u00e1coras literarias y revistas culturales.<br \/>\nwww.juanramonortizgaleano.blogspot.com \/\/ @OrtizGaleano<\/p>\n","protected":false},"excerpt":{"rendered":"<p>Un poema de\u00a0Juan Ram\u00f3n Ortiz Galeano. (Buenos Aires, 1975) I (Alter) Me muevo en un plano ajeno al parque y al ruido a&hellip;<\/p>\n","protected":false},"author":3,"featured_media":17788,"comment_status":"open","ping_status":"closed","sticky":false,"template":"","format":"standard","meta":{"_jetpack_memberships_contains_paid_content":false,"footnotes":""},"categories":[1,153,272,209],"tags":[],"coauthors":[],"class_list":["post-17765","post","type-post","status-publish","format-standard","has-post-thumbnail","hentry","category-noticias","category-poema","category-poesia","category-revista"],"jetpack_featured_media_url":"https:\/\/letrasenlafrontera.org\/wp-content\/uploads\/2018\/08\/432465-sepik.jpg","jetpack_sharing_enabled":true,"_links":{"self":[{"href":"https:\/\/letrasenlafrontera.org\/index.php\/wp-json\/wp\/v2\/posts\/17765","targetHints":{"allow":["GET"]}}],"collection":[{"href":"https:\/\/letrasenlafrontera.org\/index.php\/wp-json\/wp\/v2\/posts"}],"about":[{"href":"https:\/\/letrasenlafrontera.org\/index.php\/wp-json\/wp\/v2\/types\/post"}],"author":[{"embeddable":true,"href":"https:\/\/letrasenlafrontera.org\/index.php\/wp-json\/wp\/v2\/users\/3"}],"replies":[{"embeddable":true,"href":"https:\/\/letrasenlafrontera.org\/index.php\/wp-json\/wp\/v2\/comments?post=17765"}],"version-history":[{"count":2,"href":"https:\/\/letrasenlafrontera.org\/index.php\/wp-json\/wp\/v2\/posts\/17765\/revisions"}],"predecessor-version":[{"id":17789,"href":"https:\/\/letrasenlafrontera.org\/index.php\/wp-json\/wp\/v2\/posts\/17765\/revisions\/17789"}],"wp:featuredmedia":[{"embeddable":true,"href":"https:\/\/letrasenlafrontera.org\/index.php\/wp-json\/wp\/v2\/media\/17788"}],"wp:attachment":[{"href":"https:\/\/letrasenlafrontera.org\/index.php\/wp-json\/wp\/v2\/media?parent=17765"}],"wp:term":[{"taxonomy":"category","embeddable":true,"href":"https:\/\/letrasenlafrontera.org\/index.php\/wp-json\/wp\/v2\/categories?post=17765"},{"taxonomy":"post_tag","embeddable":true,"href":"https:\/\/letrasenlafrontera.org\/index.php\/wp-json\/wp\/v2\/tags?post=17765"},{"taxonomy":"author","embeddable":true,"href":"https:\/\/letrasenlafrontera.org\/index.php\/wp-json\/wp\/v2\/coauthors?post=17765"}],"curies":[{"name":"wp","href":"https:\/\/api.w.org\/{rel}","templated":true}]}}