{"id":17687,"date":"2018-03-02T20:29:27","date_gmt":"2018-03-02T20:29:27","guid":{"rendered":"http:\/\/letrasenlafrontera.org\/?p=17687"},"modified":"2018-06-05T21:42:32","modified_gmt":"2018-06-05T21:42:32","slug":"insectos-en-al-poesia-espanola","status":"publish","type":"post","link":"https:\/\/letrasenlafrontera.org\/index.php\/2018\/03\/02\/insectos-en-al-poesia-espanola\/","title":{"rendered":"Insectos en la poes\u00eda espa\u00f1ola"},"content":{"rendered":"<h2 class=\"p1\" style=\"text-align: center;\"><span class=\"s1\">Por Enrique Gallud Jardiel<\/span><\/h2>\n<p style=\"text-align: center;\"><span class=\"s1\"><em>Tiempo de lectura<\/em>\u00a0[est_time]\u00a0<\/span><\/p>\n<hr \/>\n<p class=\"p3\"><span class=\"s1\">[dropcap]P[\/dropcap]or encargo expreso del Consejo Superior de Investigaciones Cient\u00edficas \u2014que, pese a lo precario de los tiempos, sigue teniendo mucho dinero para subvencionar majader\u00edas totalmente innecesarias\u2014 estoy elaborando un estudio en veintiocho tomos que habr\u00e1 de titularse <i>Insectos varios en la poes\u00eda espa\u00f1ola.<\/i><\/span><\/p>\n<p class=\"p3\"><span class=\"s1\"> Es un honor que me hayan elegido para tal tarea, reconociendo as\u00ed mis innumerables m\u00e9ritos acad\u00e9micos, ya que, aunque est\u00e9 mal que yo lo diga, soy un gran fil\u00f3logo e investigador de temas literarios (tambi\u00e9n hago de fontanero cuando me llaman, para poder llegar a fin de mes, pero \u00e9se es otro asunto que no tiene nada que ver con lo que aqu\u00ed nos ocupa).<\/span><\/p>\n<p class=\"p3\"><span class=\"s1\"><i> <\/i>El problema al que me enfrento en este estudio es que estoy muy falto de material, porque, debido a alguna raz\u00f3n ignota, los poetas espa\u00f1oles no tocan demasiado este apasionante tema, pese a ser bastante piojosos muchos de ellos. As\u00ed es que me voy a ver en un gran dilema para completar el estudio, porque est\u00e1 claro que si no llego a llenar los veintiocho tomos pactados, el C.S.I.C. no me paga.<\/span><\/p>\n<p class=\"p3\"><span class=\"s1\"> He aqu\u00ed los fragmentos que he conseguido ya recopilar a bote pronto y que constituyen el inicio de la edici\u00f3n cr\u00edtica que debo elaborar:<\/span><\/p>\n<p>&nbsp;<\/p>\n<h5 class=\"p5\" style=\"padding-left: 60px;\"><span class=\"s1\">Jorge Manrique: Coplas a la muerte de bastante gente<\/span><\/h5>\n<p>&nbsp;<\/p>\n<p class=\"p5\" style=\"padding-left: 60px;\"><span class=\"s1\">\u00abLas damas engalanadas<\/span><\/p>\n<p class=\"p5\" style=\"padding-left: 60px;\"><span class=\"s1\">que tienen brillos d\u2019estrellas<\/span><\/p>\n<p class=\"p5\" style=\"padding-left: 60px;\"><span class=\"s1\">en sus oxos<\/span><\/p>\n<p class=\"p5\" style=\"padding-left: 60px;\"><span class=\"s1\">ssuelen estar infestadas<\/span><\/p>\n<p class=\"p5\" style=\"padding-left: 60px;\"><span class=\"s1\">de liendres e, munchas dellas,<\/span><\/p>\n<p class=\"p5\" style=\"padding-left: 60px;\"><span class=\"s1\">de pioxos.<\/span><\/p>\n<p class=\"p5\" style=\"padding-left: 60px;\"><span class=\"s1\">El gal\u00e1n que a su se\u00f1ora<\/span><\/p>\n<p class=\"p5\" style=\"padding-left: 60px;\"><span class=\"s1\">pide un ri\u00e7o de cabello<\/span><\/p>\n<p class=\"p5\" style=\"padding-left: 60px;\"><span class=\"s1\">por capricho<\/span><\/p>\n<p class=\"p5\" style=\"padding-left: 60px;\"><span class=\"s1\">b\u00e9ssalo muncho e ignora<\/span><\/p>\n<p class=\"p5\" style=\"padding-left: 60px;\"><span class=\"s1\">que lleua colgado al cuello<\/span><\/p>\n<p class=\"p5\" style=\"padding-left: 60px;\"><span class=\"s1\">m\u00e1s de un bicho.<\/span><\/p>\n<p class=\"p5\" style=\"padding-left: 60px;\"><span class=\"s1\">En algunos recovecos<\/span><\/p>\n<p class=\"p5\" style=\"padding-left: 60px;\"><span class=\"s1\">que se fallan entre el pecho<\/span><\/p>\n<p class=\"p5\" style=\"padding-left: 60px;\"><span class=\"s1\">e las rodillas<\/span><\/p>\n<p class=\"p5\" style=\"padding-left: 60px;\"><span class=\"s1\">por ser sitios poco secos<\/span><\/p>\n<p class=\"p5\" style=\"padding-left: 60px;\"><span class=\"s1\">encuentran morada e techo<\/span><\/p>\n<p class=\"p5\" style=\"padding-left: 60px;\"><span class=\"s1\">las ladillas.<\/span><\/p>\n<p class=\"p5\" style=\"padding-left: 60px;\"><span class=\"s1\">En estos tyempos tan memos<\/span><\/p>\n<p class=\"p5\" style=\"padding-left: 60px;\"><span class=\"s1\">abundan muncho los bichos,<\/span><\/p>\n<p class=\"p5\" style=\"padding-left: 60px;\"><span class=\"s1\">\u00a1los sayones!<\/span><\/p>\n<p class=\"p5\" style=\"padding-left: 60px;\"><span class=\"s1\">Dellos non nos libraremos<\/span><\/p>\n<p class=\"p5\" style=\"padding-left: 60px;\"><span class=\"s1\">fasta que no inventen geles<\/span><\/p>\n<p class=\"p5\" style=\"padding-left: 60px;\"><span class=\"s1\">e xabones.\u00bb<\/span><\/p>\n<p>&nbsp;<\/p>\n<p class=\"p1\" style=\"padding-left: 60px;\"><span class=\"s1\">*<\/span><\/p>\n<p>&nbsp;<\/p>\n<h5 class=\"p5\" style=\"padding-left: 60px;\"><span class=\"s1\">Rub\u00e9n Dar\u00edo: La armon\u00eda de las sagradas selvas y sus alrededores<\/span><\/h5>\n<p>&nbsp;<\/p>\n<p class=\"p5\" style=\"padding-left: 60px;\"><span class=\"s1\">\u00abNo hay cosa comparable a ese momento hermoso,<\/span><\/p>\n<p class=\"p5\" style=\"padding-left: 60px;\"><span class=\"s1\">profundo y muy er\u00f3tico, simb\u00f3lico y sensual<\/span><\/p>\n<p class=\"p5\" style=\"padding-left: 60px;\"><span class=\"s1\">en el que, en cualquier prado, de forma muy normal,<\/span><\/p>\n<p class=\"p5\" style=\"padding-left: 60px;\"><span class=\"s1\">la bella mariposa achucha al mariposo.\u00bb<\/span><\/p>\n<p>&nbsp;<\/p>\n<p class=\"p1\" style=\"padding-left: 60px;\"><span class=\"s1\">*<\/span><\/p>\n<h5><\/h5>\n<h5 class=\"p5\" style=\"padding-left: 60px;\"><span class=\"s1\">Antonio Machado: Meditaciones rurales de campos solitarios, de puentes y caminos<\/span><\/h5>\n<p>&nbsp;<\/p>\n<p class=\"p5\" style=\"padding-left: 60px;\"><span class=\"s1\">\u00abMedita un grillo al borde del sendero.<\/span><\/p>\n<p class=\"p5\" style=\"padding-left: 60px;\"><span class=\"s1\">El sol tropieza y cae en el camino.<\/span><\/p>\n<p class=\"p5\" style=\"padding-left: 60px;\"><span class=\"s1\">Oyese lejos un run-run cansino<\/span><\/p>\n<p class=\"p5\" style=\"padding-left: 60px;\"><span class=\"s1\">que viene, \u00a1c\u00f3mo no!, desde el r\u00edo Duero.<\/span><\/p>\n<p class=\"p5\" style=\"padding-left: 60px;\"><span class=\"s1\">\u00bfQu\u00e9 piensa el grillo, bajo el sol que arde<\/span><\/p>\n<p class=\"p5\" style=\"padding-left: 60px;\"><span class=\"s1\">y socarra los prados cenicientos?<\/span><\/p>\n<p class=\"p5\" style=\"padding-left: 60px;\"><span class=\"s1\">Pues piensa&#8230;\u00bb <\/span><\/p>\n<p class=\"p5\" style=\"padding-left: 60px;\"><span class=\"s1\">(<i>Inacabado<\/i>. [Nada; que nos quedamos sin saber qu\u00e9 piensa el grillo.])<\/span><\/p>\n<p>&nbsp;<\/p>\n<p class=\"p1\" style=\"padding-left: 60px;\"><span class=\"s1\">*<\/span><\/p>\n<p>&nbsp;<\/p>\n<h5 class=\"p5\" style=\"padding-left: 60px;\"><span class=\"s1\">Le\u00f3n Felipe: La Espa\u00f1a prometeica, sea eso lo que fuere<\/span><\/h5>\n<p>&nbsp;<\/p>\n<p class=\"p5\" style=\"padding-left: 60px;\"><span class=\"s1\">\u00abEspa\u00f1a:<\/span><\/p>\n<p class=\"p5\" style=\"padding-left: 60px;\"><span class=\"s1\">tu tela de siglos<\/span><\/p>\n<p class=\"p5\" style=\"padding-left: 60px;\"><span class=\"s1\">ha sido devorada por la polilla del payaso poderoso.<\/span><\/p>\n<p class=\"p5\" style=\"padding-left: 60px;\"><span class=\"s1\">En el armario de tus recuerdos<\/span><\/p>\n<p class=\"p5\" style=\"padding-left: 60px;\"><span class=\"s1\">ha entrado la carcoma<\/span><\/p>\n<p class=\"p5\" style=\"padding-left: 60px;\"><span class=\"s1\">de forma traicionera<\/span><\/p>\n<p class=\"p5\" style=\"padding-left: 60px;\"><span class=\"s1\">y te ha ro\u00eddo<\/span><\/p>\n<p class=\"p5\" style=\"padding-left: 60px;\"><span class=\"s1\">todo lo ro\u00edble.<\/span><\/p>\n<p class=\"p5\" style=\"padding-left: 60px;\"><span class=\"s1\">Se derrumbar\u00e1 tu estructura,<\/span><\/p>\n<p class=\"p5\" style=\"padding-left: 60px;\"><span class=\"s1\">este pedazo de historia,<\/span><\/p>\n<p class=\"p5\" style=\"padding-left: 60px;\"><span class=\"s1\">de gestas heroicas,<\/span><\/p>\n<p class=\"p5\" style=\"padding-left: 60px;\"><span class=\"s1\">de hombres y dioses.<\/span><\/p>\n<p class=\"p5\" style=\"padding-left: 60px;\"><span class=\"s1\">de gusanos y gigantes,<\/span><\/p>\n<p class=\"p5\" style=\"padding-left: 60px;\"><span class=\"s1\">y aplastar\u00e1 bajo sus tablas carcomidas<\/span><\/p>\n<p class=\"p5\" style=\"padding-left: 60px;\"><span class=\"s1\">a alguna cucaracha.\u00bb<\/span><\/p>\n<p>&nbsp;<\/p>\n<p class=\"p1\" style=\"padding-left: 60px;\"><span class=\"s1\">*<\/span><\/p>\n<p>&nbsp;<\/p>\n<h5 class=\"p5\" style=\"padding-left: 60px;\"><span class=\"s1\">Federico Garc\u00eda Lorca: La mozuela y el Guardia Civil<\/span><\/h5>\n<p>&nbsp;<\/p>\n<p class=\"p5\" style=\"padding-left: 60px;\"><span class=\"s1\">\u00abSobre el t\u00f3rax de Carmina<\/span><\/p>\n<p class=\"p5\" style=\"padding-left: 60px;\"><span class=\"s1\">tienden su cama las liendres<\/span><\/p>\n<p class=\"p5\" style=\"padding-left: 60px;\"><span class=\"s1\">y, enervadas por su olor,<\/span><\/p>\n<p class=\"p5\" style=\"padding-left: 60px;\"><span class=\"s1\">de vez en cuando la muerden.<\/span><\/p>\n<p class=\"p5\" style=\"padding-left: 60px;\"><span class=\"s1\">El vello de la muchacha<\/span><\/p>\n<p class=\"p5\" style=\"padding-left: 60px;\"><span class=\"s1\">para los bichos es c\u00e9sped;<\/span><\/p>\n<p class=\"p5\" style=\"padding-left: 60px;\"><span class=\"s1\">sus pechos son el Moncayo;<\/span><\/p>\n<p class=\"p5\" style=\"padding-left: 60px;\"><span class=\"s1\">su vientre plano, Albacete;<\/span><\/p>\n<p class=\"p5\" style=\"padding-left: 60px;\"><span class=\"s1\">su pubis, el Mato Grosso;<\/span><\/p>\n<p class=\"p5\" style=\"padding-left: 60px;\"><span class=\"s1\">y abajo (t\u00fa ya me entiendes)<\/span><\/p>\n<p class=\"p5\" style=\"padding-left: 60px;\"><span class=\"s1\">la fosa de las Marianas.<\/span><\/p>\n<p class=\"p5\" style=\"padding-left: 60px;\"><span class=\"s1\">(Esto se ha puesto muy verde.)\u00bb<\/span><\/p>\n<p>&nbsp;<\/p>\n<p class=\"p1\" style=\"padding-left: 60px;\"><span class=\"s1\">*<\/span><\/p>\n<p>&nbsp;<\/p>\n<h5 class=\"p3\" style=\"padding-left: 60px;\"><span class=\"s1\"> D\u00e1maso Alonso: Estamos enfadados<\/span><\/h5>\n<p>&nbsp;<\/p>\n<p class=\"p3\" style=\"padding-left: 60px;\"><span class=\"s1\"> \u00abLas moscas lloran en la ciudad de los sem\u00e1foros sin sue\u00f1o.<\/span><\/p>\n<p class=\"p5\" style=\"padding-left: 60px;\"><span class=\"s1\">Revolotean, \u00a1ay!,<\/span><\/p>\n<p class=\"p5\" style=\"padding-left: 60px;\"><span class=\"s1\">mientras se pudren en los supermercados las botas ah\u00edtas.<\/span><\/p>\n<p class=\"p5\" style=\"padding-left: 60px;\"><span class=\"s1\">Ah\u00edtas, \u00bfde qu\u00e9?<\/span><\/p>\n<p class=\"p5\" style=\"padding-left: 60px;\"><span class=\"s1\">\u00bfQu\u00e9 importa, si hemos dicho que no quer\u00edamos<\/span><\/p>\n<p class=\"p5\" style=\"padding-left: 60px;\"><span class=\"s1\">y nos hemos olvidado de las dichosas moscas<\/span><\/p>\n<p class=\"p5\" style=\"padding-left: 60px;\"><span class=\"s1\">que posan sus patas delanteras<\/span><\/p>\n<p class=\"p5\" style=\"padding-left: 60px;\"><span class=\"s1\">sobre las lagunas de ensue\u00f1o de los pl\u00e1sticos perdurables<\/span><\/p>\n<p class=\"p5\" style=\"padding-left: 60px;\"><span class=\"s1\">que no s\u00e9 qu\u00e9 hacen en este verso<\/span><\/p>\n<p class=\"p5\" style=\"padding-left: 60px;\"><span class=\"s1\">pero que le dan un toque muy moderno?\u00bb<\/span><\/p>\n<p>&nbsp;<\/p>\n<hr \/>\n<p><img loading=\"lazy\" decoding=\"async\" class=\"alignright wp-image-17688 size-medium\" src=\"https:\/\/letrasenlafrontera.org\/wp-content\/uploads\/2018\/03\/title216261562-300x300.png\" alt=\"\" width=\"300\" height=\"300\" srcset=\"https:\/\/letrasenlafrontera.org\/wp-content\/uploads\/2018\/03\/title216261562-300x300.png 300w, https:\/\/letrasenlafrontera.org\/wp-content\/uploads\/2018\/03\/title216261562-150x150.png 150w, https:\/\/letrasenlafrontera.org\/wp-content\/uploads\/2018\/03\/title216261562.png 344w\" sizes=\"auto, (max-width: 300px) 100vw, 300px\" \/><\/p>\n<p class=\"p1\"><span class=\"s1\"><b>Enrique Gallud Jardiel<\/b><span class=\"Apple-converted-space\">\u00a0 <\/span>(Valencia, 1958) es un escritor y ensayista espa\u00f1ol. Pertenece a una familia de raigambre literaria y art\u00edstica, pues es nieto del comedi\u00f3grafo Enrique Jardiel Poncela e hijo de actores.<\/span><\/p>\n<p class=\"p1\"><span class=\"s1\">Es Doctor en Filolog\u00eda Hisp\u00e1nica por las universidades Jawaharlal Nehru de Nueva Delhi y Complutense de Madrid. Aparte de ejercer la docencia universitaria ha publicado m\u00e1s de cien libros sobre diversos temas, tanto ensay\u00edsticos como de ficci\u00f3n. En la actualidad se dedica a la literatura de humor, especializ\u00e1ndose en la s\u00e1tira y la parodia.<\/span><\/p>\n<p class=\"p1\"><span class=\"s1\">Entre sus libros c\u00f3micos se pueden destacar los siguientes: <i>Libro de libros<\/i>,<i> La ajetreada vida de un maestro del humor<\/i>, <i>Historia est\u00fapida de la literatura<\/i>,<i> Espa\u00f1ol para andar por casa<\/i>, <i>El discurso interminable y otros cuentos de humor<\/i>,<i> Grandes pelmazos de las letras universales<\/i>,<i> Libros que no querr\u00e1s leer<\/i>,<i> Majaderos ilustres<\/i>,<i> El arte de hacer de todo<\/i>,<i> S\u00e9neca, Quevedo y otros plastas por el estilo<\/i>,<i> Escritores en pijama<\/i>, <i>Historia c\u00f3mica de la literatura mundial, Historia c\u00f3mica de Espa\u00f1a, Gamberradas literarias, Peliculeces<\/i>, <i>Viajes chapuceros y lugares espantosos<\/i>, <i>Escritos birriosos<\/i>, <i>Historia c\u00f3mica del arte<\/i> e <i>Historia c\u00f3mica de la filosof\u00eda.<\/i><\/span><\/p>\n<h2>Twitter:\u00a0<a href=\"https:\/\/twitter.com\/egjardiel\"><span class=\"s1\">@egjardiel<\/span><\/a><\/h2>\n","protected":false},"excerpt":{"rendered":"<p>Por Enrique Gallud Jardiel Tiempo de lectura\u00a0[est_time]\u00a0 [dropcap]P[\/dropcap]or encargo expreso del Consejo Superior de Investigaciones Cient\u00edficas \u2014que, pese a lo precario de los&hellip;<\/p>\n","protected":false},"author":3,"featured_media":17692,"comment_status":"open","ping_status":"closed","sticky":false,"template":"","format":"standard","meta":{"_jetpack_memberships_contains_paid_content":false,"footnotes":""},"categories":[272,209],"tags":[167],"coauthors":[],"class_list":["post-17687","post","type-post","status-publish","format-standard","has-post-thumbnail","hentry","category-poesia","category-revista","tag-poesia"],"jetpack_featured_media_url":"https:\/\/letrasenlafrontera.org\/wp-content\/uploads\/2018\/03\/Strepsitera-15318_black_new_edit.jpg","jetpack_sharing_enabled":true,"_links":{"self":[{"href":"https:\/\/letrasenlafrontera.org\/index.php\/wp-json\/wp\/v2\/posts\/17687","targetHints":{"allow":["GET"]}}],"collection":[{"href":"https:\/\/letrasenlafrontera.org\/index.php\/wp-json\/wp\/v2\/posts"}],"about":[{"href":"https:\/\/letrasenlafrontera.org\/index.php\/wp-json\/wp\/v2\/types\/post"}],"author":[{"embeddable":true,"href":"https:\/\/letrasenlafrontera.org\/index.php\/wp-json\/wp\/v2\/users\/3"}],"replies":[{"embeddable":true,"href":"https:\/\/letrasenlafrontera.org\/index.php\/wp-json\/wp\/v2\/comments?post=17687"}],"version-history":[{"count":3,"href":"https:\/\/letrasenlafrontera.org\/index.php\/wp-json\/wp\/v2\/posts\/17687\/revisions"}],"predecessor-version":[{"id":17693,"href":"https:\/\/letrasenlafrontera.org\/index.php\/wp-json\/wp\/v2\/posts\/17687\/revisions\/17693"}],"wp:featuredmedia":[{"embeddable":true,"href":"https:\/\/letrasenlafrontera.org\/index.php\/wp-json\/wp\/v2\/media\/17692"}],"wp:attachment":[{"href":"https:\/\/letrasenlafrontera.org\/index.php\/wp-json\/wp\/v2\/media?parent=17687"}],"wp:term":[{"taxonomy":"category","embeddable":true,"href":"https:\/\/letrasenlafrontera.org\/index.php\/wp-json\/wp\/v2\/categories?post=17687"},{"taxonomy":"post_tag","embeddable":true,"href":"https:\/\/letrasenlafrontera.org\/index.php\/wp-json\/wp\/v2\/tags?post=17687"},{"taxonomy":"author","embeddable":true,"href":"https:\/\/letrasenlafrontera.org\/index.php\/wp-json\/wp\/v2\/coauthors?post=17687"}],"curies":[{"name":"wp","href":"https:\/\/api.w.org\/{rel}","templated":true}]}}