{"id":17585,"date":"2017-07-13T19:24:19","date_gmt":"2017-07-13T19:24:19","guid":{"rendered":"http:\/\/letrasenlafrontera.org\/?p=17585"},"modified":"2017-07-31T22:06:14","modified_gmt":"2017-07-31T22:06:14","slug":"cuatro-aves-paradas-en-el-muro-fronterizo","status":"publish","type":"post","link":"https:\/\/letrasenlafrontera.org\/index.php\/2017\/07\/13\/cuatro-aves-paradas-en-el-muro-fronterizo\/","title":{"rendered":"Cuatro aves paradas en el muro fronterizo"},"content":{"rendered":"<h2 class=\"p1\" style=\"text-align: center;\"><span class=\"s1\">Un poema de\u00a0<\/span><span class=\"s1\">Luis Rangel<\/span><\/h2>\n<hr \/>\n<p class=\"p3\"><span class=\"s1\">\u00a0<\/span><\/p>\n<p class=\"p3\"><span class=\"s1\">Un ave extranjera<br \/>\ncant\u00f3 mil himnos al sol<br \/>\npensando que estaba<br \/>\nen su tierra;<br \/>\nel sol era el mismo.<\/span><\/p>\n<p class=\"p3\" style=\"text-align: center;\"><span class=\"s1\">*<\/span><\/p>\n<p class=\"p3\"><span class=\"s1\">Las aves<br \/>\nno necesitan puentes<br \/>\npara atravesar<br \/>\nfronteras;<br \/>\nalgo les deber\u00edamos<br \/>\naprender<\/span><\/p>\n<p class=\"p3\" style=\"text-align: center;\"><span class=\"s1\">*<\/span><\/p>\n<p class=\"p3\"><span class=\"s1\">El ave<br \/>\nquiso cantar<br \/>\nlejos de su tierra<br \/>\ny temi\u00f3 no ser<br \/>\napreciada<br \/>\npor los lugare\u00f1os.<br \/>\nNo sab\u00eda que su canto<br \/>\nes el idioma<br \/>\noriginal.<\/span><\/p>\n<p class=\"p3\" style=\"text-align: center;\"><span class=\"s1\">*<\/span><\/p>\n<p class=\"p3\"><span class=\"s1\">Cuatro aves<br \/>\nparadas en el muro<br \/>\nfronterizo<br \/>\nvieron una parvada<br \/>\nde aviones<br \/>\ncruzar el cielo.<\/span><\/p>\n<hr \/>\n<p class=\"p1\"><span class=\"s1\"><strong><a href=\"https:\/\/letrasenlafrontera.org\/wp-content\/uploads\/2017\/07\/title305615387.png\"><img loading=\"lazy\" decoding=\"async\" class=\"alignright size-full wp-image-17586\" src=\"https:\/\/letrasenlafrontera.org\/wp-content\/uploads\/2017\/07\/title305615387.png\" alt=\"\" width=\"247\" height=\"247\" srcset=\"https:\/\/letrasenlafrontera.org\/wp-content\/uploads\/2017\/07\/title305615387.png 247w, https:\/\/letrasenlafrontera.org\/wp-content\/uploads\/2017\/07\/title305615387-150x150.png 150w\" sizes=\"auto, (max-width: 247px) 100vw, 247px\" \/><\/a>Luis Rangel<\/strong><span class=\"Apple-converted-space\"><strong>\u00a0<\/strong><\/span>(Chihuahua, 1995)<\/span><\/p>\n<p class=\"p1\"><span class=\"s1\">Estudiante de la Licenciatura en Letras Espa\u00f1olas en la Universidad Aut\u00f3noma de Chihuahua y miembro del comit\u00e9 organizador del Encuentro Nacional de Escritores J\u00f3venes Jes\u00fas Gardea. Autor de <i>Hotel Sputnik <\/i>(Tintanueva, 2016), ha publicado textos en diversas revistas como <i>Tierra Adentro<\/i>, <i>Metamorfosis<\/i>, <i>Himen<\/i>, <i>Hybris<\/i>, entre otras. Fue becario del noveno curso de creaci\u00f3n para j\u00f3venes de la Fundaci\u00f3n para las Letras Mexicanas. Actualmente es miembro del taller de poes\u00eda \u201cAl\u00ed Chumacero\u201d coordinado por Enrique Serv\u00edn.<\/span><\/p>\n","protected":false},"excerpt":{"rendered":"<p>Un poema de\u00a0Luis Rangel \u00a0 Un ave extranjera cant\u00f3 mil himnos al sol pensando que estaba en su tierra; el sol era el&hellip;<\/p>\n","protected":false},"author":3,"featured_media":17587,"comment_status":"open","ping_status":"closed","sticky":false,"template":"","format":"standard","meta":{"_jetpack_memberships_contains_paid_content":false,"footnotes":""},"categories":[153,209],"tags":[257,258,259,189,167],"coauthors":[],"class_list":["post-17585","post","type-post","status-publish","format-standard","has-post-thumbnail","hentry","category-poema","category-revista","tag-aves","tag-chihuahua","tag-frontera","tag-poema","tag-poesia"],"jetpack_featured_media_url":"https:\/\/letrasenlafrontera.org\/wp-content\/uploads\/2017\/07\/AR-150519997.jpg","jetpack_sharing_enabled":true,"_links":{"self":[{"href":"https:\/\/letrasenlafrontera.org\/index.php\/wp-json\/wp\/v2\/posts\/17585","targetHints":{"allow":["GET"]}}],"collection":[{"href":"https:\/\/letrasenlafrontera.org\/index.php\/wp-json\/wp\/v2\/posts"}],"about":[{"href":"https:\/\/letrasenlafrontera.org\/index.php\/wp-json\/wp\/v2\/types\/post"}],"author":[{"embeddable":true,"href":"https:\/\/letrasenlafrontera.org\/index.php\/wp-json\/wp\/v2\/users\/3"}],"replies":[{"embeddable":true,"href":"https:\/\/letrasenlafrontera.org\/index.php\/wp-json\/wp\/v2\/comments?post=17585"}],"version-history":[{"count":1,"href":"https:\/\/letrasenlafrontera.org\/index.php\/wp-json\/wp\/v2\/posts\/17585\/revisions"}],"predecessor-version":[{"id":17588,"href":"https:\/\/letrasenlafrontera.org\/index.php\/wp-json\/wp\/v2\/posts\/17585\/revisions\/17588"}],"wp:featuredmedia":[{"embeddable":true,"href":"https:\/\/letrasenlafrontera.org\/index.php\/wp-json\/wp\/v2\/media\/17587"}],"wp:attachment":[{"href":"https:\/\/letrasenlafrontera.org\/index.php\/wp-json\/wp\/v2\/media?parent=17585"}],"wp:term":[{"taxonomy":"category","embeddable":true,"href":"https:\/\/letrasenlafrontera.org\/index.php\/wp-json\/wp\/v2\/categories?post=17585"},{"taxonomy":"post_tag","embeddable":true,"href":"https:\/\/letrasenlafrontera.org\/index.php\/wp-json\/wp\/v2\/tags?post=17585"},{"taxonomy":"author","embeddable":true,"href":"https:\/\/letrasenlafrontera.org\/index.php\/wp-json\/wp\/v2\/coauthors?post=17585"}],"curies":[{"name":"wp","href":"https:\/\/api.w.org\/{rel}","templated":true}]}}