{"id":17546,"date":"2017-04-25T21:45:33","date_gmt":"2017-04-25T21:45:33","guid":{"rendered":"http:\/\/letrasenlafrontera.org\/?p=17546"},"modified":"2017-07-03T19:45:42","modified_gmt":"2017-07-03T19:45:42","slug":"el-equilibrio","status":"publish","type":"post","link":"https:\/\/letrasenlafrontera.org\/index.php\/2017\/04\/25\/el-equilibrio\/","title":{"rendered":"El equilibrio"},"content":{"rendered":"<p class=\"p3\" style=\"text-align: right;\">Un poema de\u00a0<span class=\"s1\"><em>Florentina G\u00f3mez Guasp<\/em>.\u00a0<\/span>Fotograf\u00eda de<em> Masha Terentieva.<\/em><\/p>\n<hr \/>\n<p>&nbsp;<\/p>\n<p class=\"p3\"><span class=\"s1\">Vivimos sobre una delgada l\u00ednea<\/span><\/p>\n<p class=\"p3\"><span class=\"s1\">equilibrada por dos fuerzas opuestas<\/span><\/p>\n<p class=\"p3\"><span class=\"s1\">de igual intensidad,<\/span><\/p>\n<p class=\"p3\"><span class=\"s1\">el miedo y la esperanza. <\/span><\/p>\n<p class=\"p3\"><span class=\"s1\">Las sombras y la luz.<\/span><\/p>\n<p class=\"p3\"><span class=\"s1\">Un solo instante rasgado <\/span><\/p>\n<p class=\"p3\"><span class=\"s1\">puede traer al presente un Yo dejado atr\u00e1s,<\/span><\/p>\n<p class=\"p3\"><span class=\"s1\">incapaz, torpe a\u00fan,<\/span><\/p>\n<p class=\"p3\"><span class=\"s1\">envuelto en una niebla difusa <\/span><\/p>\n<p class=\"p3\"><span class=\"s1\">que quiebra los lindes<\/span><\/p>\n<p class=\"p3\"><span class=\"s1\">y nos hunde en un mar de inquietud.<\/span><\/p>\n<p class=\"p3\"><span class=\"s1\">N\u00e1ufragos somos en su abismo de temores.<\/span><\/p>\n<p class=\"p3\"><span class=\"s1\">Es el miedo, <\/span><\/p>\n<p class=\"p3\"><span class=\"s1\">otra vez el miedo que ha ganado la batalla; <\/span><\/p>\n<p class=\"p3\"><span class=\"s1\">se hace soberano, se\u00f1or de los d\u00edas.<\/span><\/p>\n<p class=\"p3\"><span class=\"s1\">Imprime su sello en cada paso,<\/span><\/p>\n<p class=\"p3\"><span class=\"s1\">agarra el alma con sus dedos fr\u00edos<\/span><\/p>\n<p class=\"p3\"><span class=\"s1\">fijando su halo a la oscuridad <\/span><\/p>\n<p class=\"p3\"><span class=\"s1\">y perdemos nuestros puntos cardinales <\/span><\/p>\n<p class=\"p3\"><span class=\"s1\">en un universo de aviesas dudas.<\/span><\/p>\n<p class=\"p3\"><span class=\"s1\">M\u00faltiples fantasmas atraviesan las palabras<\/span><\/p>\n<p class=\"p3\"><span class=\"s1\">en un espeso silencio p\u00e1lido y obtuso, <\/span><\/p>\n<p class=\"p3\"><span class=\"s1\">un silencio largo que desvanece y confunde <\/span><\/p>\n<p class=\"p3\"><span class=\"s1\">los alados contornos de sus ra\u00edces.<\/span><\/p>\n<p class=\"p3\"><span class=\"s1\">Todo es confusi\u00f3n.<\/span><\/p>\n<p class=\"p3\"><span class=\"s1\">Y cuando ya no quedan ojos<\/span><\/p>\n<p class=\"p3\"><span class=\"s1\">de tanto ver sin querer ver,<\/span><\/p>\n<p class=\"p3\"><span class=\"s1\">aparece un rel\u00e1mpago de lucidez<\/span><\/p>\n<p class=\"p3\"><span class=\"s1\">un h\u00e1lito de luz; <\/span><\/p>\n<p class=\"p3\"><span class=\"s1\">fugaz fulgor que despierta el recuerdo vagabundo<\/span><\/p>\n<p class=\"p3\"><span class=\"s1\">de la idea impresa en una brillante palabra,<\/span><\/p>\n<p class=\"p3\"><span class=\"s1\">peque\u00f1a y poderosa, la fe. <\/span><\/p>\n<p class=\"p3\"><span class=\"s1\">Su luz se filtra iluminando las ma\u00f1anas; <\/span><\/p>\n<p class=\"p3\"><span class=\"s1\">trayendo consigo <\/span><\/p>\n<p class=\"p3\"><span class=\"s1\">el dorado resplandor del amarillo intenso <\/span><\/p>\n<p class=\"p3\"><span class=\"s1\">invadiendo los valles, <\/span><\/p>\n<p class=\"p3\"><span class=\"s1\">el blanco puro de las sencillas margaritas,<\/span><\/p>\n<p class=\"p3\"><span class=\"s1\">la m\u00fasica del ta\u00f1er lento de las fr\u00e1giles campanillas, <\/span><\/p>\n<p class=\"p3\"><span class=\"s1\">el apasionado e intenso rojo de las amapolas <\/span><\/p>\n<p class=\"p3\"><span class=\"s1\">meci\u00e9ndose en los campos.<\/span><\/p>\n<p class=\"p3\"><span class=\"s1\">Y de pronto nos conmueve la tierra palpitando,<\/span><\/p>\n<p class=\"p3\"><span class=\"s1\">el titilar del sol en la lluvia que caracolea y baila <\/span><\/p>\n<p class=\"p3\"><span class=\"s1\">en su descenso desde las c\u00fapulas azules, <\/span><\/p>\n<p class=\"p3\"><span class=\"s1\">regalando<\/span><\/p>\n<p class=\"p3\"><span class=\"s1\">con su ef\u00edmera ca\u00edda el verde a las hojas.<\/span><\/p>\n<p class=\"p3\"><span class=\"s1\">La vida se despeina dejando sus cabellos libres <\/span><\/p>\n<p class=\"p3\"><span class=\"s1\">a la alegr\u00eda del viento. <\/span><\/p>\n<p class=\"p3\"><span class=\"s1\">Un aleluya renace portando un h\u00e1lito de esperanza <\/span><\/p>\n<p class=\"p3\"><span class=\"s1\">y una fuerza serena nos inunda, un extra\u00f1o poder\u00edo.<\/span><\/p>\n<p class=\"p3\"><span class=\"s1\">El equilibrio ha vuelto y en el camino hemos madurado. <\/span><\/p>\n<p class=\"p3\"><span class=\"s1\">La madurez nos conduce a nuestro Norte verdadero.<\/span><\/p>\n<p>&nbsp;<\/p>\n<h3 class=\"p1\"><span class=\"s1\">Florentina G\u00f3mez Guasp (Palma de Mallorca, 1954)<\/span><\/h3>\n<hr \/>\n<p class=\"p1\"><span class=\"s1\"><a href=\"https:\/\/letrasenlafrontera.org\/wp-content\/uploads\/2017\/04\/title960066611.png\"><img loading=\"lazy\" decoding=\"async\" class=\"alignright size-medium wp-image-17547\" src=\"https:\/\/letrasenlafrontera.org\/wp-content\/uploads\/2017\/04\/title960066611-300x300.png\" alt=\"\" width=\"300\" height=\"300\" srcset=\"https:\/\/letrasenlafrontera.org\/wp-content\/uploads\/2017\/04\/title960066611-300x300.png 300w, https:\/\/letrasenlafrontera.org\/wp-content\/uploads\/2017\/04\/title960066611-150x150.png 150w, https:\/\/letrasenlafrontera.org\/wp-content\/uploads\/2017\/04\/title960066611.png 328w\" sizes=\"auto, (max-width: 300px) 100vw, 300px\" \/><\/a>Licenciada en Filosof\u00eda y Ciencias de la Educaci\u00f3n,\u00a0<\/span><span class=\"s1\">especializada en Pedagog\u00eda Terap\u00e9utica.<\/span><\/p>\n<p class=\"p1\"><span class=\"s1\">Mis versos son verdades incompletas, nacidas en los instantes de una mirada entre p\u00e1rpados intimidados; un acercamiento fugaz a la forma en que unos brazos yacen apoyados, al color brillante de un suspiro, a la exigencia de alegr\u00eda o tristeza que guardan los peque\u00f1os gestos que apenas se perciben, a las l\u00e1grimas de la emoci\u00f3n est\u00e9tica&#8230;; afloran como un saber dormido en una idea que despierta.<\/span><\/p>\n<p class=\"p1\"><span class=\"s1\">Me gusta definirme como: &#8220;amiga de Las Horas, que custodian las puertas del cielo, de la lluvia, el silencio y sus colores&#8221;.<\/span><\/p>\n<p class=\"p1\"><span class=\"s1\">Libros publicados:<\/span><\/p>\n<ul>\n<li class=\"p1\"><span class=\"s1\"> \u201cPasos de Arco Iris\u201d (1\u00aa edici\u00f3n, mayo de 2010)\u00a0<\/span><span class=\"s1\">(2\u00aaedici\u00f3n mejorada, julio de 2015)<\/span><\/li>\n<li class=\"p1\"><span class=\"s1\">\u201cTorres de Esperanzas Amarillas\u201d (marzo de 2013)<\/span><\/li>\n<li class=\"p1\"><span class=\"s1\">\u201cTransparentes Azules\u201d (marzo de 2013)<\/span><\/li>\n<li class=\"p1\"><span class=\"s1\">\u201cAlargados Grises\u201d (marzo de 2013)<\/span><\/li>\n<li class=\"p1\"><span class=\"s1\">\u201cPoemas de Amor\u201d (septiembre de (2014)<\/span><\/li>\n<li class=\"p1\"><span class=\"s1\">\u201cLove Poems\u201d (bilingual edition) (septiembre de 2014)<\/span><\/li>\n<li class=\"p1\"><span class=\"s1\">\u201cAlgunos Adioses sin Respuesta\u201d (noviembre de 2014)<\/span><\/li>\n<li class=\"p1\"><span class=\"s1\">\u201cEl Filo de las Palabras\u201d (octubre de 2016)<\/span><\/li>\n<\/ul>\n<p class=\"p3\"><span class=\"s2\"><a href=\"http:\/\/www.florentinagomezguasp.com\/\">http:\/\/www.florentinagomezguasp.com\/<\/a><\/span><\/p>\n<p class=\"p3\"><i aria-hidden=\"true\" class=\"fa fa-twitter\"  style=\"font-size:50px;line-height:50px\"><\/i><a href=\"https:\/\/twitter.com\/Florentina_Iris\">@<span class=\"s2\">Florentina_Iris<\/span><\/a><\/p>\n","protected":false},"excerpt":{"rendered":"<p>Un poema de\u00a0Florentina G\u00f3mez Guasp.\u00a0Fotograf\u00eda de Masha Terentieva. &nbsp; Vivimos sobre una delgada l\u00ednea equilibrada por dos fuerzas opuestas de igual intensidad, el&hellip;<\/p>\n","protected":false},"author":3,"featured_media":17551,"comment_status":"open","ping_status":"closed","sticky":false,"template":"","format":"standard","meta":{"_jetpack_memberships_contains_paid_content":false,"footnotes":""},"categories":[153,209],"tags":[189,167],"coauthors":[],"class_list":["post-17546","post","type-post","status-publish","format-standard","has-post-thumbnail","hentry","category-poema","category-revista","tag-poema","tag-poesia"],"jetpack_featured_media_url":"https:\/\/letrasenlafrontera.org\/wp-content\/uploads\/2017\/04\/eq-01.jpg","jetpack_sharing_enabled":true,"_links":{"self":[{"href":"https:\/\/letrasenlafrontera.org\/index.php\/wp-json\/wp\/v2\/posts\/17546","targetHints":{"allow":["GET"]}}],"collection":[{"href":"https:\/\/letrasenlafrontera.org\/index.php\/wp-json\/wp\/v2\/posts"}],"about":[{"href":"https:\/\/letrasenlafrontera.org\/index.php\/wp-json\/wp\/v2\/types\/post"}],"author":[{"embeddable":true,"href":"https:\/\/letrasenlafrontera.org\/index.php\/wp-json\/wp\/v2\/users\/3"}],"replies":[{"embeddable":true,"href":"https:\/\/letrasenlafrontera.org\/index.php\/wp-json\/wp\/v2\/comments?post=17546"}],"version-history":[{"count":4,"href":"https:\/\/letrasenlafrontera.org\/index.php\/wp-json\/wp\/v2\/posts\/17546\/revisions"}],"predecessor-version":[{"id":17555,"href":"https:\/\/letrasenlafrontera.org\/index.php\/wp-json\/wp\/v2\/posts\/17546\/revisions\/17555"}],"wp:featuredmedia":[{"embeddable":true,"href":"https:\/\/letrasenlafrontera.org\/index.php\/wp-json\/wp\/v2\/media\/17551"}],"wp:attachment":[{"href":"https:\/\/letrasenlafrontera.org\/index.php\/wp-json\/wp\/v2\/media?parent=17546"}],"wp:term":[{"taxonomy":"category","embeddable":true,"href":"https:\/\/letrasenlafrontera.org\/index.php\/wp-json\/wp\/v2\/categories?post=17546"},{"taxonomy":"post_tag","embeddable":true,"href":"https:\/\/letrasenlafrontera.org\/index.php\/wp-json\/wp\/v2\/tags?post=17546"},{"taxonomy":"author","embeddable":true,"href":"https:\/\/letrasenlafrontera.org\/index.php\/wp-json\/wp\/v2\/coauthors?post=17546"}],"curies":[{"name":"wp","href":"https:\/\/api.w.org\/{rel}","templated":true}]}}