{"id":17465,"date":"2017-02-21T20:11:38","date_gmt":"2017-02-21T20:11:38","guid":{"rendered":"http:\/\/letrasenlafrontera.org\/?p=17465"},"modified":"2017-07-13T19:25:12","modified_gmt":"2017-07-13T19:25:12","slug":"un-japon-sin-otono","status":"publish","type":"post","link":"https:\/\/letrasenlafrontera.org\/index.php\/2017\/02\/21\/un-japon-sin-otono\/","title":{"rendered":"Un Jap\u00f3n sin oto\u00f1o"},"content":{"rendered":"<h2 class=\"p1\" style=\"text-align: center;\"><span class=\"s1\"><b>Tres poemas de Maximiliano Sauza<\/b><\/span><\/h2>\n<hr \/>\n<h3 class=\"p1\" style=\"text-align: center;\"><span class=\"s1\"><b>Ciencia ficci\u00f3n<\/b><\/span><\/h3>\n<p class=\"p3\"><span class=\"s1\">En la neblina, <\/span><\/p>\n<p class=\"p3\"><span class=\"s1\">oculta entre el viento que de viento tiene poco<\/span><\/p>\n<p class=\"p3\"><span class=\"s1\">la noche en la ciudad se vuelve en s\u00ed misma roc\u00edo<\/span><\/p>\n<p class=\"p4\"><span class=\"s1\">\u00a0 \u00a0 \u00a0 \u00a0 \u00a0 \u00a0 \u00a0 \u00a0 \u00a0 \u00a0ensimismada, se envuelve<\/span><\/p>\n<p class=\"p3\"><span class=\"s1\">y vuelve a sentirse el vac\u00edo.<\/span><\/p>\n<hr \/>\n<h3 class=\"p1\" style=\"text-align: center;\"><span class=\"s1\"><b>La condici\u00f3n humana<\/b><\/span><\/h3>\n<p class=\"p3\"><span class=\"s1\">Cautivo ser en manos de un dios inasible: <\/span><\/p>\n<p class=\"p3\"><span class=\"s1\">peque\u00f1a hormiga que sufre <\/span><\/p>\n<p class=\"p3\"><span class=\"s1\">la ira de un infante todopoderoso.<\/span><\/p>\n<p class=\"p3\"><span class=\"s1\">El tirano le desprende una pata mientras r\u00ede<\/span><\/p>\n<p class=\"p3\"><span class=\"s1\">la hormiga tambalea su cuerpo clemente<\/span><\/p>\n<p class=\"p3\"><span class=\"s1\">pata tras pata tras pata<\/span><\/p>\n<p class=\"p3\" style=\"padding-left: 30px;\"><span class=\"s1\">\u2014luego decapitada<\/span><\/p>\n<p class=\"p3\"><span class=\"s1\">la hormiga no tiene c\u00f3mo retorcerse.<\/span><\/p>\n<hr \/>\n<h3 class=\"p1\" style=\"text-align: center;\"><span class=\"s1\"><b>El cad\u00e1ver de las mariposas o un Jap\u00f3n sin oto\u00f1o<\/b><\/span><\/h3>\n<p class=\"p3\" style=\"padding-left: 60px;\"><span class=\"s1\">1. Hay una mariposa <\/span><\/p>\n<p class=\"p3\" style=\"padding-left: 90px;\"><span class=\"s1\">\u00a0 \u00a0atrapada en la telara\u00f1a.<\/span><\/p>\n<p class=\"p3\" style=\"padding-left: 60px;\"><span class=\"s1\">2. Baila al ritmo de su suerte<\/span><\/p>\n<p class=\"p4\" style=\"padding-left: 90px;\"><span class=\"s1\">\u00a0 \u00a0 \u2014no puedo liberarla.<\/span><\/p>\n<p class=\"p3\" style=\"padding-left: 60px;\"><span class=\"s1\">3. Parpadeo<\/span><\/p>\n<p class=\"p4\" style=\"padding-left: 90px;\"><span class=\"s1\">y la ara\u00f1a<\/span><\/p>\n<p class=\"p4\" style=\"padding-left: 90px;\"><span class=\"s1\">le inyecta su morfina <\/span><\/p>\n<p class=\"p7\" style=\"padding-left: 120px;\"><span class=\"s1\">la mariposa, <\/span><\/p>\n<p class=\"p8\" style=\"padding-left: 120px;\"><span class=\"s1\">sabiendo que dejar\u00e1 de ser parte de este verano <\/span><\/p>\n<p class=\"p4\" style=\"padding-left: 90px;\"><span class=\"s1\">se calma.<\/span><\/p>\n","protected":false},"excerpt":{"rendered":"<p>Tres poemas de Maximiliano Sauza Ciencia ficci\u00f3n En la neblina, oculta entre el viento que de viento tiene poco la noche en la&hellip;<\/p>\n","protected":false},"author":3,"featured_media":17466,"comment_status":"open","ping_status":"closed","sticky":false,"template":"","format":"standard","meta":{"_jetpack_memberships_contains_paid_content":false,"footnotes":""},"categories":[153,209],"tags":[239,240,189,213],"coauthors":[],"class_list":["post-17465","post","type-post","status-publish","format-standard","has-post-thumbnail","hentry","category-poema","category-revista","tag-japon","tag-maximiliano-sauza","tag-poema","tag-revista"],"jetpack_featured_media_url":"https:\/\/letrasenlafrontera.org\/wp-content\/uploads\/2017\/02\/tumblr_ohtx5zL5np1tvokngo1_r3_1280.jpg","jetpack_sharing_enabled":true,"_links":{"self":[{"href":"https:\/\/letrasenlafrontera.org\/index.php\/wp-json\/wp\/v2\/posts\/17465","targetHints":{"allow":["GET"]}}],"collection":[{"href":"https:\/\/letrasenlafrontera.org\/index.php\/wp-json\/wp\/v2\/posts"}],"about":[{"href":"https:\/\/letrasenlafrontera.org\/index.php\/wp-json\/wp\/v2\/types\/post"}],"author":[{"embeddable":true,"href":"https:\/\/letrasenlafrontera.org\/index.php\/wp-json\/wp\/v2\/users\/3"}],"replies":[{"embeddable":true,"href":"https:\/\/letrasenlafrontera.org\/index.php\/wp-json\/wp\/v2\/comments?post=17465"}],"version-history":[{"count":2,"href":"https:\/\/letrasenlafrontera.org\/index.php\/wp-json\/wp\/v2\/posts\/17465\/revisions"}],"predecessor-version":[{"id":17487,"href":"https:\/\/letrasenlafrontera.org\/index.php\/wp-json\/wp\/v2\/posts\/17465\/revisions\/17487"}],"wp:featuredmedia":[{"embeddable":true,"href":"https:\/\/letrasenlafrontera.org\/index.php\/wp-json\/wp\/v2\/media\/17466"}],"wp:attachment":[{"href":"https:\/\/letrasenlafrontera.org\/index.php\/wp-json\/wp\/v2\/media?parent=17465"}],"wp:term":[{"taxonomy":"category","embeddable":true,"href":"https:\/\/letrasenlafrontera.org\/index.php\/wp-json\/wp\/v2\/categories?post=17465"},{"taxonomy":"post_tag","embeddable":true,"href":"https:\/\/letrasenlafrontera.org\/index.php\/wp-json\/wp\/v2\/tags?post=17465"},{"taxonomy":"author","embeddable":true,"href":"https:\/\/letrasenlafrontera.org\/index.php\/wp-json\/wp\/v2\/coauthors?post=17465"}],"curies":[{"name":"wp","href":"https:\/\/api.w.org\/{rel}","templated":true}]}}